{"provider_url": "https://www.igarassu.pe.leg.br", "title": "A C\u00e2mara n\u00e3o para, mesmo no per\u00edodo de recesso", "html": "<p style=\"text-align: justify; \">\u00a0 \u00a0 \u00a0 A C\u00e2mara Municipal de Igarassu demonstrou compromisso com a continuidade administrativa ao realizar sess\u00f5es extraordin\u00e1rias durante o per\u00edodo de recesso. Os encontros, divididos entre o final de dezembro de 2025 e o in\u00edcio de janeiro de 2026, serviram para deliberar sobre o or\u00e7amento municipal, seguran\u00e7a previdenci\u00e1ria e ajustes administrativos fundamentais.</p>\r\n<p style=\"text-align: justify; \">\u00a0 \u00a0 \u00a0 \u00a0 Dezembro de 2025: Foco no or\u00e7amento anual - A primeira etapa deste ciclo de trabalho ocorreu em 22 de dezembro. Atendendo \u00e0s diretrizes legais, o foco central foi a vota\u00e7\u00e3o da LOA (Lei Or\u00e7ament\u00e1ria Anual) para 2026. A aprova\u00e7\u00e3o da LOA \u00e9 o que garante que a prefeitura tenha autoriza\u00e7\u00e3o para executar os gastos e investimentos previstos para o ano que se inicia, assegurando a manuten\u00e7\u00e3o de servi\u00e7os essenciais. Vale destacar que o Plano Plurianual (PPA) e a LDO j\u00e1 haviam sido devidamente aprovados em outubro.</p>\r\n<p style=\"text-align: justify; \">\u00a0 \u00a0 \u00a0 \u00a0J<span>aneiro de 2026: Pautas previdenci\u00e1rias e administrativas - Dando continuidade aos trabalhos no in\u00edcio de janeiro, os parlamentares se reuniram para uma nova sequ\u00eancia de sess\u00f5es extraordin\u00e1rias. Nestas reuni\u00f5es, gravadas e dispon\u00edveis para a popula\u00e7\u00e3o atrav\u00e9s deste site e tamb\u00e9m do canal oficial do YouTube da C\u00e2mara Municipal de Igarassu, a pauta focou em temas de gest\u00e3o e identidade local:</span></p>\r\n<p style=\"text-align: justify; \">\u00a0 \u00a0 \u00a0<b data-path-to-node=\"6,0\" data-index-in-node=\"0\">Previd\u00eancia (Igaprev):</b><span> Aprova\u00e7\u00e3o do projeto de lei complementar n\u00ba 177/2025, que trata do equacionamento do d\u00e9ficit atuarial, medida vital para a seguran\u00e7a financeira dos servidores aposentados e pensionistas.</span></p>\r\n<p data-path-to-node=\"6,1\"><b data-path-to-node=\"6,1\" data-index-in-node=\"0\">\u00a0 \u00a0 \u00a0Estrutura e valoriza\u00e7\u00e3o:</b> Atrav\u00e9s do PL n\u00ba 3872, a C\u00e2mara realizou ajustes em cargos t\u00e9cnicos e instituiu o aux\u00edlio-alimenta\u00e7\u00e3o (retroativo a 1\u00ba de janeiro), fixado em R$ 1.000 para servidores e R$ 1.737,80 para vereadores, modernizando a gest\u00e3o interna do Legislativo.</p>\r\n<p style=\"text-align: justify; \">\u00a0 \u00a0 <strong>Homenagens e Urbanismo</strong>: Foram aprovadas denomina\u00e7\u00f5es para novos espa\u00e7os p\u00fablicos na Vila Saramandaia, que agora conta com a Pra\u00e7a Central Moaci Vilarino da Cunha, a quadra poliesportiva Di\u00f3genes Jos\u00e9 da Silva Novelino e o Espa\u00e7o de Lazer Jairo Vais Curado Ribeiro. Al\u00e9m disso, a Pra\u00e7a da B\u00edblia recebeu o nome oficial de \"Pra\u00e7a da B\u00edblia Pastor Jos\u00e9 Gomes dos Santos\".</p>\r\n<p style=\"text-align: justify; \">\u201cO objetivo dessas convoca\u00e7\u00f5es \u00e9 garantir que Igarassu n\u00e3o pare. Votar mat\u00e9rias como a LOA em dezembro e os ajustes na previd\u00eancia e na estrutura administrativa em janeiro exige responsabilidade e celeridade\", destacou a Mesa Diretora.</p>", "author_name": "Fl\u00e1via Oliveira", "version": "1.0", "author_url": "https://www.igarassu.pe.leg.br/author/Fl\u00e1via Oliveira", "provider_name": "C\u00e2mara Municipal de Igarassu", "type": "rich"}