{"provider_url": "https://www.igarassu.pe.leg.br", "title": "Audi\u00eancia P\u00fablica:  Plano Diretor Municipal ", "html": "<p>Nos dias 7 e 26 de junho a C\u00e2mara Municipal de Igarassu realizou Audi\u00eancia P\u00fablica com objetivo de apresentar o Plano Diretor Municipal. As Audi\u00eancias tiveram duas datas, sendo a primeira realizada no dia 7 de junho em que foi feita a apresenta\u00e7\u00e3o detalhada do Plano Diretor e em seguida foi aberta a tribuna livre\u00a0<span>para que os vereadores, representantes das associa\u00e7\u00f5es e cidad\u00e3os pudessem fazer o uso da palavra e tirar suas d\u00favidas durante a reuni\u00e3o.</span></p>\r\n<p><span></span><span>A segunda data da audi\u00eancia foi no dia 26 em que alguns pontos sobre o Plano Diretor puderam ser debatidos e logo ap\u00f3s foi aberta a tribuna livre para os vereadores e tamb\u00e9m cidad\u00e3os.</span></p>\r\n<p>No Plano Diretor s\u00e3o 4 (quatro) legisla\u00e7\u00f5es debatidas:</p>\r\n<p>- Lei de uso e parcelamento do solo, c\u00f3digo de edifica\u00e7\u00f5es e c\u00f3digo de posturas.</p>\r\n<p>Tamb\u00e9m estiveram presentes na Audi\u00eancia P\u00fablica:</p>\r\n<p>Representantes da Prefeitura de Igarassu - Ricardo G\u00f3es (Presidente da DECONUR - Departamento Municipal de Planejamento e Controle Urbano);</p>\r\n<p>Paulo Veras (Procurador municipal);</p>\r\n<p>Marcelo Oliveira (gestor administrativo do CRECI-PE);</p>\r\n<p>Fred Moreira Lima e Milton Botler da ADM&amp;TEC (respons\u00e1veis pela confec\u00e7\u00e3o e apresenta\u00e7\u00e3o do Plano Diretor).</p>", "author_name": "Fl\u00e1via Oliveira", "version": "1.0", "author_url": "https://www.igarassu.pe.leg.br/author/Fl\u00e1via Oliveira", "provider_name": "C\u00e2mara Municipal de Igarassu", "type": "rich"}