{"provider_url": "https://www.igarassu.pe.leg.br", "title": "Caf\u00e9 da manh\u00e3 em homenagem \u00e0s mulheres", "html": "<p>Na manh\u00e3 desta ter\u00e7a-feira (25), em um gesto de carinho e respeito, a C\u00e2mara Municipal de Igarassu promoveu um caf\u00e9 da manh\u00e3 especial para homenagear as mulheres. Uma manh\u00e3 de celebra\u00e7\u00e3o e reconhecimento da for\u00e7a e import\u00e2ncia feminina em nossa sociedade, for\u00e7a que inspira e transforma nosso dia-a-dia.</p>\r\n<p>Em atendimento ao requerimento de n\u00b0 19/2025, de autoria do vereador Son Albuquerque, que estabelece uma sess\u00e3o solene, no m\u00eas de mar\u00e7o, em homenagem \u00e0s mulheres.</p>\r\n<p><img src=\"https://www.igarassu.pe.leg.br/institucional/noticias/cafe-da-manha-em-homenagem-as-mulheres\" alt=\"Caf\u00e9 da manh\u00e3 em homenagem \u00e0s mulheres\" id=\"__mce_tmp\" title=\"Caf\u00e9 da manh\u00e3 em homenagem \u00e0s mulheres\" /></p>\r\n<p>Que este seja apenas um dos muitos momentos de celebra\u00e7\u00e3o e reconhecimento da for\u00e7a feminina. Agradecemos a todas as mulheres que participaram do caf\u00e9 da manh\u00e3 especial em sua homenagem.</p>", "author_name": "Fl\u00e1via Oliveira", "version": "1.0", "author_url": "https://www.igarassu.pe.leg.br/author/Fl\u00e1via Oliveira", "provider_name": "C\u00e2mara Municipal de Igarassu", "type": "rich"}