{"provider_url": "https://www.igarassu.pe.leg.br", "title": "PRESTA\u00c7\u00c3O DE CONTAS DA SA\u00daDE", "html": "<p><span>Na quinta-feira(3), a C\u00e2mara Municipal recebeu\u00a0</span><span>representantes da equipe de planejamento da Secretaria Municipal de Sa\u00fade</span><span>\u00a0de Igarassu para a apresenta\u00e7\u00e3o da presta\u00e7\u00e3o de contas.</span><br /><br /><span>Reginaldo Pereira e Isab\u00f4 \u00c2ngelo trouxeram todas as informa\u00e7\u00f5es referentes ao 3\u00b0 relat\u00f3rio detalhado do\u00a0</span><span>quadrimestre anterior (RDQ-A) referente aos meses de setembro a dezembro de 2021.</span><br /><br /><span>Os vereadores fizeram alguns questionamentos em rela\u00e7\u00e3o aos n\u00fameros apresentados e tamb\u00e9m elogios relativos aos servi\u00e7os desempenhados pela Secretaria em nosso munic\u00edpio.</span><br /><br /><span>Em nossa fanpage no facebook e tamb\u00e9m em nosso site\u00a0<a href=\"http://www.igarassu.pe.leg.br/\" target=\"_blank\" data-saferedirecturl=\"https://www.google.com/url?q=http://www.igarassu.pe.leg.br&amp;source=gmail&amp;ust=1646444143606000&amp;usg=AOvVaw2tjdKu2oYjYaFcda3OqVnN\">www.igarassu.pe.leg.br</a>\u00a0\u00e9 poss\u00edvel rever o v\u00eddeo da presta\u00e7\u00e3o de contas.</span></p>\r\n<div><span>\u00a0</span><a href=\"https://www.instagram.com/explore/tags/cmigarassu/\" target=\"_blank\" data-saferedirecturl=\"https://www.google.com/url?q=https://www.instagram.com/explore/tags/cmigarassu/&amp;source=gmail&amp;ust=1646444143606000&amp;usg=AOvVaw0GbSYXcS0IE3wFqJTCIxWu\">#cmigarassu</a><span>\u00a0</span><a href=\"https://www.instagram.com/explore/tags/pernambuco/\" target=\"_blank\" data-saferedirecturl=\"https://www.google.com/url?q=https://www.instagram.com/explore/tags/pernambuco/&amp;source=gmail&amp;ust=1646444143606000&amp;usg=AOvVaw30TX-Y4Ihndn8phVylTdFL\">#pernambuco</a><span>\u00a0</span><a href=\"https://www.instagram.com/explore/tags/igarassu/\" target=\"_blank\" data-saferedirecturl=\"https://www.google.com/url?q=https://www.instagram.com/explore/tags/igarassu/&amp;source=gmail&amp;ust=1646444143606000&amp;usg=AOvVaw3uAsbFI9nYDvXVV5VWbNGt\">#igarassu</a><span>\u00a0</span><a href=\"https://www.instagram.com/explore/tags/saude/\" target=\"_blank\" data-saferedirecturl=\"https://www.google.com/url?q=https://www.instagram.com/explore/tags/saude/&amp;source=gmail&amp;ust=1646444143606000&amp;usg=AOvVaw3kqet9XwtRcldg0Lik28PQ\">#saude</a><span>\u00a0</span><a href=\"https://www.instagram.com/explore/tags/covid_19/\" target=\"_blank\" data-saferedirecturl=\"https://www.google.com/url?q=https://www.instagram.com/explore/tags/covid_19/&amp;source=gmail&amp;ust=1646444143606000&amp;usg=AOvVaw1xxmFrZ0kwt7apc3HvYD_z\">#covid_19</a><span></span><br /><br /><a href=\"https://www.instagram.com/saudedeigarassu/\" target=\"_blank\" data-saferedirecturl=\"https://www.google.com/url?q=https://www.instagram.com/saudedeigarassu/&amp;source=gmail&amp;ust=1646444143606000&amp;usg=AOvVaw1u_LT_2S6MimU4msLrTd5l\">@saudedeigarassu</a>\u00a0\u00a0</div>", "author_name": "", "version": "1.0", "author_url": "https://www.igarassu.pe.leg.br/author/cmig", "provider_name": "C\u00e2mara Municipal de Igarassu", "type": "rich"}